{"id":9489,"date":"2024-12-19T22:06:02","date_gmt":"2024-12-19T22:06:02","guid":{"rendered":"https:\/\/spielgarten.klemkow.de\/?p=9489"},"modified":"2024-12-19T22:07:46","modified_gmt":"2024-12-19T22:07:46","slug":"unsere-schoene-weihnachtsfeier-mit-haensel-gretel","status":"publish","type":"post","link":"https:\/\/spielgarten.klemkow.de\/?p=9489","title":{"rendered":"Unsere sch\u00f6ne Weihnachtsfeier mit H\u00e4nsel &#038; Gretel"},"content":{"rendered":"<p>Heute, am letzten Tag des Jahres 2024, feierten wir unsere sch\u00f6ne Weihnachtsfeier im Luise-Reuter-Saals des Vereinshauses in Grevesm\u00fchlen.<\/p>\n<p>Neben den Kindern waren auch alle Eltern und Gro\u00dfeltern herzlich eingeladen und sogar der Weihnachtsmann war die ganze Zeit zu Gast und hat sich das kleine Programm der Kinder angesehen. Zu sehen gab es neben Liedern und Gedichten auch eine Kurzversion von H\u00e4nsel und Gretel \ud83d\ude42<\/p>\n<p>Vielen Dank an dieser Stelle f\u00fcr die tollen gebackenen Kuchen, die flei\u00dfigen Helfer, Abwascher. Und ganz vielen Dank f\u00fcr die lieben Aufmerksamkeiten f\u00fcr uns Erzieher. Wir hoffen, die Feier hat allen gro\u00dfen und kleinen G\u00e4sten gefallen.<\/p>\n<p>Viel Spa\u00df mit der Galerie \ud83d\ude42<\/p>\n<p>Und wir w\u00fcnschen allen G\u00e4sten frohe Weihnachten und einen guten Rutsch ins neue Jahr 2025.<\/p>\n<p><!--more--><\/p>\nngg_shortcode_0_placeholder\n","protected":false},"excerpt":{"rendered":"<p>Heute, am letzten Tag des Jahres 2024, feierten wir unsere sch\u00f6ne Weihnachtsfeier im Luise-Reuter-Saals des Vereinshauses in Grevesm\u00fchlen. Neben den Kindern waren auch alle Eltern und Gro\u00dfeltern herzlich eingeladen und sogar der Weihnachtsmann war die ganze Zeit zu Gast und hat sich das kleine Programm der Kinder angesehen. Zu sehen gab es neben Liedern und &hellip; <\/p>\n<p class=\"link-more\"><a href=\"https:\/\/spielgarten.klemkow.de\/?p=9489\" class=\"more-link\"><span class=\"screen-reader-text\">\u201eUnsere sch\u00f6ne Weihnachtsfeier mit H\u00e4nsel &#038; Gretel\u201c <\/span>weiterlesen<\/a><\/p>\n","protected":false},"author":1,"featured_media":9493,"comment_status":"closed","ping_status":"open","sticky":false,"template":"","format":"standard","meta":{"ngg_post_thumbnail":0,"footnotes":""},"categories":[3,9,5],"tags":[],"class_list":["post-9489","post","type-post","status-publish","format-standard","has-post-thumbnail","hentry","category-aktuelles","category-fotos","category-galerie","gallery-content-unit"],"_links":{"self":[{"href":"https:\/\/spielgarten.klemkow.de\/index.php?rest_route=\/wp\/v2\/posts\/9489","targetHints":{"allow":["GET"]}}],"collection":[{"href":"https:\/\/spielgarten.klemkow.de\/index.php?rest_route=\/wp\/v2\/posts"}],"about":[{"href":"https:\/\/spielgarten.klemkow.de\/index.php?rest_route=\/wp\/v2\/types\/post"}],"author":[{"embeddable":true,"href":"https:\/\/spielgarten.klemkow.de\/index.php?rest_route=\/wp\/v2\/users\/1"}],"replies":[{"embeddable":true,"href":"https:\/\/spielgarten.klemkow.de\/index.php?rest_route=%2Fwp%2Fv2%2Fcomments&post=9489"}],"version-history":[{"count":1,"href":"https:\/\/spielgarten.klemkow.de\/index.php?rest_route=\/wp\/v2\/posts\/9489\/revisions"}],"predecessor-version":[{"id":9491,"href":"https:\/\/spielgarten.klemkow.de\/index.php?rest_route=\/wp\/v2\/posts\/9489\/revisions\/9491"}],"wp:featuredmedia":[{"embeddable":true,"href":"https:\/\/spielgarten.klemkow.de\/index.php?rest_route=\/wp\/v2\/media\/9493"}],"wp:attachment":[{"href":"https:\/\/spielgarten.klemkow.de\/index.php?rest_route=%2Fwp%2Fv2%2Fmedia&parent=9489"}],"wp:term":[{"taxonomy":"category","embeddable":true,"href":"https:\/\/spielgarten.klemkow.de\/index.php?rest_route=%2Fwp%2Fv2%2Fcategories&post=9489"},{"taxonomy":"post_tag","embeddable":true,"href":"https:\/\/spielgarten.klemkow.de\/index.php?rest_route=%2Fwp%2Fv2%2Ftags&post=9489"}],"curies":[{"name":"wp","href":"https:\/\/api.w.org\/{rel}","templated":true}]}}